{"id":3338,"date":"2026-04-27T13:15:31","date_gmt":"2026-04-27T11:15:31","guid":{"rendered":"https:\/\/cositalcordoba.es\/?p=3338"},"modified":"2026-04-27T13:15:31","modified_gmt":"2026-04-27T11:15:31","slug":"secretaria-intervencion-ayuntamiento-de-adamuz-4","status":"publish","type":"post","link":"https:\/\/cositalcordoba.es\/index.php\/2026\/04\/27\/secretaria-intervencion-ayuntamiento-de-adamuz-4\/","title":{"rendered":"SECRETAR\u00cdA INTERVENCI\u00d3N AYUNTAMIENTO DE ADAMUZ"},"content":{"rendered":"<div class=\"wp-block-image\">\n<figure class=\"aligncenter size-full is-resized\"><img loading=\"lazy\" decoding=\"async\" width=\"225\" height=\"225\" src=\"http:\/\/cositalcordoba.es\/wp-content\/uploads\/2024\/03\/ADAMUZ.jpg\" alt=\"\" class=\"wp-image-2773\" style=\"width:361px;height:auto\" srcset=\"https:\/\/cositalcordoba.es\/wp-content\/uploads\/2024\/03\/ADAMUZ.jpg 225w, https:\/\/cositalcordoba.es\/wp-content\/uploads\/2024\/03\/ADAMUZ-150x150.jpg 150w\" sizes=\"auto, (max-width: 225px) 100vw, 225px\" \/><\/figure>\n<\/div>\n\n\n<p>El Ayuntamiento de Adamuz anuncia la cobertura temporal de la Secretar\u00eda Intervenci\u00f3n con las siguientes caracter\u00edsticas :<\/p>\n\n\n\n<p>Grupo de clasificaci\u00f3n: Grupo A, Subgrupo A1. <\/p>\n\n\n\n<p>Complemento de Destino: Nivel 28. <\/p>\n\n\n\n<p>Complemento Espec\u00edfico anual: 19.520,48,14 euros. <\/p>\n\n\n\n<p>Posibilidad de teletrabajo: Dos d\u00edas a la semana.<\/p>\n\n\n\n<div data-wp-interactive=\"core\/file\" class=\"wp-block-file\"><object data-wp-bind--hidden=\"!state.hasPdfPreview\" hidden class=\"wp-block-file__embed\" data=\"https:\/\/cositalcordoba.es\/wp-content\/uploads\/2026\/04\/ANUNCIO-PROVISION-TEMPORAL-S-I-GEX-1484-26.-fdo.pdf\" type=\"application\/pdf\" style=\"width:100%;height:600px\" aria-label=\"Incrustado de ANUNCIO PROVISION TEMPORAL S-I GEX 1484 26. fdo.\"><\/object><a id=\"wp-block-file--media-b3ad7bda-729a-4ea0-8991-a6b0296cae28\" href=\"https:\/\/cositalcordoba.es\/wp-content\/uploads\/2026\/04\/ANUNCIO-PROVISION-TEMPORAL-S-I-GEX-1484-26.-fdo.pdf\">ANUNCIO PROVISION TEMPORAL S-I GEX 1484 26. fdo<\/a><a href=\"https:\/\/cositalcordoba.es\/wp-content\/uploads\/2026\/04\/ANUNCIO-PROVISION-TEMPORAL-S-I-GEX-1484-26.-fdo.pdf\" class=\"wp-block-file__button wp-element-button\" download aria-describedby=\"wp-block-file--media-b3ad7bda-729a-4ea0-8991-a6b0296cae28\">Descarga<\/a><\/div>\n","protected":false},"excerpt":{"rendered":"<p>El Ayuntamiento de Adamuz anuncia la cobertura temporal de la Secretar\u00eda Intervenci\u00f3n con las siguientes caracter\u00edsticas : Grupo de clasificaci\u00f3n: Grupo A, Subgrupo A1. Complemento de Destino: Nivel 28. Complemento Espec\u00edfico anual: 19.520,48,14 euros. Posibilidad de teletrabajo: Dos d\u00edas a la semana.<\/p>\n","protected":false},"author":2,"featured_media":0,"comment_status":"closed","ping_status":"open","sticky":false,"template":"","format":"standard","meta":{"footnotes":""},"categories":[2],"tags":[],"class_list":["post-3338","post","type-post","status-publish","format-standard","hentry","category-anuncios-de-plazas-vacantes","clear"],"_links":{"self":[{"href":"https:\/\/cositalcordoba.es\/index.php\/wp-json\/wp\/v2\/posts\/3338","targetHints":{"allow":["GET"]}}],"collection":[{"href":"https:\/\/cositalcordoba.es\/index.php\/wp-json\/wp\/v2\/posts"}],"about":[{"href":"https:\/\/cositalcordoba.es\/index.php\/wp-json\/wp\/v2\/types\/post"}],"author":[{"embeddable":true,"href":"https:\/\/cositalcordoba.es\/index.php\/wp-json\/wp\/v2\/users\/2"}],"replies":[{"embeddable":true,"href":"https:\/\/cositalcordoba.es\/index.php\/wp-json\/wp\/v2\/comments?post=3338"}],"version-history":[{"count":1,"href":"https:\/\/cositalcordoba.es\/index.php\/wp-json\/wp\/v2\/posts\/3338\/revisions"}],"predecessor-version":[{"id":3340,"href":"https:\/\/cositalcordoba.es\/index.php\/wp-json\/wp\/v2\/posts\/3338\/revisions\/3340"}],"wp:attachment":[{"href":"https:\/\/cositalcordoba.es\/index.php\/wp-json\/wp\/v2\/media?parent=3338"}],"wp:term":[{"taxonomy":"category","embeddable":true,"href":"https:\/\/cositalcordoba.es\/index.php\/wp-json\/wp\/v2\/categories?post=3338"},{"taxonomy":"post_tag","embeddable":true,"href":"https:\/\/cositalcordoba.es\/index.php\/wp-json\/wp\/v2\/tags?post=3338"}],"curies":[{"name":"wp","href":"https:\/\/api.w.org\/{rel}","templated":true}]}}